{"id":1610,"date":"2015-12-15T23:15:09","date_gmt":"2015-12-15T22:15:09","guid":{"rendered":"http:\/\/doctiposportugues.com\/?p=1610"},"modified":"2017-10-11T11:54:06","modified_gmt":"2017-10-11T10:54:06","slug":"vi-encontro-de-tipografia-lisboa-portugal","status":"publish","type":"post","link":"https:\/\/doctiposportugues.com\/?p=1610","title":{"rendered":"VI Encontro de Tipografia, Aveiro, Portugal."},"content":{"rendered":"<p><a href=\"http:\/\/doctiposportugues.com\/temp\/2016\/11\/Encontro6.jpg\"><img loading=\"lazy\" src=\"http:\/\/doctiposportugues.com\/temp\/2016\/11\/Encontro6.jpg\" alt=\"\" title=\"Encontro6\" width=\"669\" height=\"142\" class=\"alignnone size-full wp-image-1611\" srcset=\"https:\/\/doctiposportugues.com\/temp\/2016\/11\/Encontro6.jpg 669w, https:\/\/doctiposportugues.com\/temp\/2016\/11\/Encontro6-300x63.jpg 300w, https:\/\/doctiposportugues.com\/temp\/2016\/11\/Encontro6-600x127.jpg 600w\" sizes=\"(max-width: 669px) 100vw, 669px\" \/><\/a><\/p>\n<p>Decorreu em Aveiro, nos dias 4 e 5 de Dezembro de 2015, <a href=\"http:\/\/6et.web.ua.pt\/\"> a VI edi\u00e7\u00e3o do Encontro de Tipografia (6ET) <\/a> promovido e organizado pela delega\u00e7\u00e3o portuguesa da Association Typographique Internacionale (ATypI). Esta sexta edi\u00e7\u00e3o contou com o acolhimento do Departamento de Comunica\u00e7\u00e3o e Arte da Universidade de Aveiro (DeCA) com o apoio das suas principais unidades de investiga\u00e7\u00e3o \u2014 DigiMedia e ID+.<\/p>\n<p>Em torno do tema geral \u201cPerce\u00e7\u00e3o\u201d, pretendeu-se refletir sobre os fatores que potenciam a funcionalidade da tipografia, como a legibilidade e efici\u00eancia da leitura. <\/p>\n<p>DocTipos<\/p>\n","protected":false},"excerpt":{"rendered":"<p>Decorreu em Aveiro, nos dias 4 e 5 de Dezembro de 2015, a VI edi\u00e7\u00e3o do Encontro de [&hellip;]<\/p>\n","protected":false},"author":1,"featured_media":0,"comment_status":"closed","ping_status":"closed","sticky":false,"template":"","format":"standard","meta":[],"categories":[1],"tags":[],"_links":{"self":[{"href":"https:\/\/doctiposportugues.com\/index.php?rest_route=\/wp\/v2\/posts\/1610"}],"collection":[{"href":"https:\/\/doctiposportugues.com\/index.php?rest_route=\/wp\/v2\/posts"}],"about":[{"href":"https:\/\/doctiposportugues.com\/index.php?rest_route=\/wp\/v2\/types\/post"}],"author":[{"embeddable":true,"href":"https:\/\/doctiposportugues.com\/index.php?rest_route=\/wp\/v2\/users\/1"}],"replies":[{"embeddable":true,"href":"https:\/\/doctiposportugues.com\/index.php?rest_route=%2Fwp%2Fv2%2Fcomments&post=1610"}],"version-history":[{"count":5,"href":"https:\/\/doctiposportugues.com\/index.php?rest_route=\/wp\/v2\/posts\/1610\/revisions"}],"predecessor-version":[{"id":1620,"href":"https:\/\/doctiposportugues.com\/index.php?rest_route=\/wp\/v2\/posts\/1610\/revisions\/1620"}],"wp:attachment":[{"href":"https:\/\/doctiposportugues.com\/index.php?rest_route=%2Fwp%2Fv2%2Fmedia&parent=1610"}],"wp:term":[{"taxonomy":"category","embeddable":true,"href":"https:\/\/doctiposportugues.com\/index.php?rest_route=%2Fwp%2Fv2%2Fcategories&post=1610"},{"taxonomy":"post_tag","embeddable":true,"href":"https:\/\/doctiposportugues.com\/index.php?rest_route=%2Fwp%2Fv2%2Ftags&post=1610"}],"curies":[{"name":"wp","href":"https:\/\/api.w.org\/{rel}","templated":true}]}}